{"id":1971,"date":"2018-11-21T15:14:55","date_gmt":"2018-11-21T15:14:55","guid":{"rendered":"http:\/\/www.wic.edu.es\/visita-a-la-exposicion-de-auschwitz-para-los-alumnos-de-3o-de-eso\/"},"modified":"2023-12-02T16:11:00","modified_gmt":"2023-12-02T16:11:00","slug":"visita-a-la-exposicion-de-auschwitz-para-los-alumnos-de-3o-de-eso","status":"publish","type":"post","link":"https:\/\/wic.edu.es\/en\/visita-a-la-exposicion-de-auschwitz-para-los-alumnos-de-3o-de-eso\/","title":{"rendered":"Visita a la exposici\u00f3n de Auschwitz para los alumnos de 3\u00ba de ESO"},"content":{"rendered":"<p>Los alumnos de 3\u00ba de ESO han podido ver y experimentar la atrocidad que se vivi\u00f3 en el campo de concentraci\u00f3n de Auschwitz. Ha sido una visita llena de emoci\u00f3n que les ha hecho reflexionar sobre las barbaridades que es capaz de hacer el ser humano. <\/p>\n","protected":false},"excerpt":{"rendered":"<p>Los alumnos de 3\u00ba de ESO han podido ver y [&hellip;]<\/p>\n","protected":false},"author":2,"featured_media":1972,"comment_status":"closed","ping_status":"closed","sticky":false,"template":"","format":"standard","meta":{"_joinchat":[],"footnotes":""},"categories":[6],"tags":[],"class_list":["post-1971","post","type-post","status-publish","format-standard","has-post-thumbnail","hentry","category-uncategorized"],"yoast_head":"<!-- This site is optimized with the Yoast SEO plugin v27.1.1 - https:\/\/yoast.com\/product\/yoast-seo-wordpress\/ -->\n<title>Visita a la exposici\u00f3n de Auschwitz para los alumnos de 3\u00ba de ESO - Willoughby College<\/title>\n<meta name=\"robots\" content=\"noindex, follow\" \/>\n<meta property=\"og:locale\" content=\"en_US\" \/>\n<meta property=\"og:type\" content=\"article\" \/>\n<meta property=\"og:title\" content=\"Visita a la exposici\u00f3n de Auschwitz para los alumnos de 3\u00ba de ESO - Willoughby College\" \/>\n<meta property=\"og:description\" content=\"Los alumnos de 3\u00ba de ESO han podido ver y [&hellip;]\" \/>\n<meta property=\"og:url\" content=\"https:\/\/wic.edu.es\/visita-a-la-exposicion-de-auschwitz-para-los-alumnos-de-3o-de-eso\/\" \/>\n<meta property=\"og:site_name\" content=\"Willoughby College\" \/>\n<meta property=\"article:published_time\" content=\"2018-11-21T15:14:55+00:00\" \/>\n<meta property=\"article:modified_time\" content=\"2023-12-02T16:11:00+00:00\" \/>\n<meta property=\"og:image\" content=\"https:\/\/wic.edu.es\/wp-content\/uploads\/2018\/11\/Aus1.jpg\" \/>\n\t<meta property=\"og:image:width\" content=\"1600\" \/>\n\t<meta property=\"og:image:height\" content=\"1200\" \/>\n\t<meta property=\"og:image:type\" content=\"image\/jpeg\" \/>\n<meta name=\"author\" content=\"Willoughby College\" \/>\n<meta name=\"twitter:card\" content=\"summary_large_image\" \/>\n<meta name=\"twitter:label1\" content=\"Written by\" \/>\n\t<meta name=\"twitter:data1\" content=\"Willoughby College\" \/>\n\t<meta name=\"twitter:label2\" content=\"Est. reading time\" \/>\n\t<meta name=\"twitter:data2\" content=\"1 minute\" \/>\n<script type=\"application\/ld+json\" class=\"yoast-schema-graph\">{\"@context\":\"https:\/\/schema.org\",\"@graph\":[{\"@type\":\"Article\",\"@id\":\"https:\/\/wic.edu.es\/visita-a-la-exposicion-de-auschwitz-para-los-alumnos-de-3o-de-eso\/#article\",\"isPartOf\":{\"@id\":\"https:\/\/wic.edu.es\/visita-a-la-exposicion-de-auschwitz-para-los-alumnos-de-3o-de-eso\/\"},\"author\":{\"name\":\"Willoughby College\",\"@id\":\"https:\/\/wic.edu.es\/#\/schema\/person\/09c43e9c48a2331145fbdbb8aa064a62\"},\"headline\":\"Visita a la exposici\u00f3n de Auschwitz para los alumnos de 3\u00ba de ESO\",\"datePublished\":\"2018-11-21T15:14:55+00:00\",\"dateModified\":\"2023-12-02T16:11:00+00:00\",\"mainEntityOfPage\":{\"@id\":\"https:\/\/wic.edu.es\/visita-a-la-exposicion-de-auschwitz-para-los-alumnos-de-3o-de-eso\/\"},\"wordCount\":60,\"publisher\":{\"@id\":\"https:\/\/wic.edu.es\/#organization\"},\"image\":{\"@id\":\"https:\/\/wic.edu.es\/visita-a-la-exposicion-de-auschwitz-para-los-alumnos-de-3o-de-eso\/#primaryimage\"},\"thumbnailUrl\":\"https:\/\/wic.edu.es\/wp-content\/uploads\/2018\/11\/Aus1.jpg\",\"articleSection\":[\"uncategorized\"],\"inLanguage\":\"en-US\"},{\"@type\":\"WebPage\",\"@id\":\"https:\/\/wic.edu.es\/visita-a-la-exposicion-de-auschwitz-para-los-alumnos-de-3o-de-eso\/\",\"url\":\"https:\/\/wic.edu.es\/visita-a-la-exposicion-de-auschwitz-para-los-alumnos-de-3o-de-eso\/\",\"name\":\"Visita a la exposici\u00f3n de Auschwitz para los alumnos de 3\u00ba de ESO - Willoughby College\",\"isPartOf\":{\"@id\":\"https:\/\/wic.edu.es\/#website\"},\"primaryImageOfPage\":{\"@id\":\"https:\/\/wic.edu.es\/visita-a-la-exposicion-de-auschwitz-para-los-alumnos-de-3o-de-eso\/#primaryimage\"},\"image\":{\"@id\":\"https:\/\/wic.edu.es\/visita-a-la-exposicion-de-auschwitz-para-los-alumnos-de-3o-de-eso\/#primaryimage\"},\"thumbnailUrl\":\"https:\/\/wic.edu.es\/wp-content\/uploads\/2018\/11\/Aus1.jpg\",\"datePublished\":\"2018-11-21T15:14:55+00:00\",\"dateModified\":\"2023-12-02T16:11:00+00:00\",\"breadcrumb\":{\"@id\":\"https:\/\/wic.edu.es\/visita-a-la-exposicion-de-auschwitz-para-los-alumnos-de-3o-de-eso\/#breadcrumb\"},\"inLanguage\":\"en-US\",\"potentialAction\":[{\"@type\":\"ReadAction\",\"target\":[\"https:\/\/wic.edu.es\/visita-a-la-exposicion-de-auschwitz-para-los-alumnos-de-3o-de-eso\/\"]}]},{\"@type\":\"ImageObject\",\"inLanguage\":\"en-US\",\"@id\":\"https:\/\/wic.edu.es\/visita-a-la-exposicion-de-auschwitz-para-los-alumnos-de-3o-de-eso\/#primaryimage\",\"url\":\"https:\/\/wic.edu.es\/wp-content\/uploads\/2018\/11\/Aus1.jpg\",\"contentUrl\":\"https:\/\/wic.edu.es\/wp-content\/uploads\/2018\/11\/Aus1.jpg\",\"width\":1600,\"height\":1200},{\"@type\":\"BreadcrumbList\",\"@id\":\"https:\/\/wic.edu.es\/visita-a-la-exposicion-de-auschwitz-para-los-alumnos-de-3o-de-eso\/#breadcrumb\",\"itemListElement\":[{\"@type\":\"ListItem\",\"position\":1,\"name\":\"Portada\",\"item\":\"https:\/\/wic.edu.es\/en\/\"},{\"@type\":\"ListItem\",\"position\":2,\"name\":\"Visita a la exposici\u00f3n de Auschwitz para los alumnos de 3\u00ba de ESO\"}]},{\"@type\":\"WebSite\",\"@id\":\"https:\/\/wic.edu.es\/#website\",\"url\":\"https:\/\/wic.edu.es\/\",\"name\":\"Willoughby College\",\"description\":\"Colegio Privado Biling\u00fce en Madrid\",\"publisher\":{\"@id\":\"https:\/\/wic.edu.es\/#organization\"},\"potentialAction\":[{\"@type\":\"SearchAction\",\"target\":{\"@type\":\"EntryPoint\",\"urlTemplate\":\"https:\/\/wic.edu.es\/?s={search_term_string}\"},\"query-input\":{\"@type\":\"PropertyValueSpecification\",\"valueRequired\":true,\"valueName\":\"search_term_string\"}}],\"inLanguage\":\"en-US\"},{\"@type\":\"Organization\",\"@id\":\"https:\/\/wic.edu.es\/#organization\",\"name\":\"Colegio Biling\u00fce Madrid WIC\",\"url\":\"https:\/\/wic.edu.es\/\",\"logo\":{\"@type\":\"ImageObject\",\"inLanguage\":\"en-US\",\"@id\":\"https:\/\/wic.edu.es\/#\/schema\/logo\/image\/\",\"url\":\"http:\/\/wic.edu.es\/wp-content\/uploads\/2018\/07\/Logos_Willoughby_v3_x2-03.png\",\"contentUrl\":\"http:\/\/wic.edu.es\/wp-content\/uploads\/2018\/07\/Logos_Willoughby_v3_x2-03.png\",\"width\":410,\"height\":188,\"caption\":\"Colegio Biling\u00fce Madrid WIC\"},\"image\":{\"@id\":\"https:\/\/wic.edu.es\/#\/schema\/logo\/image\/\"}},{\"@type\":\"Person\",\"@id\":\"https:\/\/wic.edu.es\/#\/schema\/person\/09c43e9c48a2331145fbdbb8aa064a62\",\"name\":\"Willoughby College\",\"image\":{\"@type\":\"ImageObject\",\"inLanguage\":\"en-US\",\"@id\":\"https:\/\/wic.edu.es\/#\/schema\/person\/image\/\",\"url\":\"https:\/\/secure.gravatar.com\/avatar\/3053e10e8e8bd824a6755128e1e2f6a8237e43b0f00fc2ebdaeb1acebdab6fe2?s=96&d=mm&r=g\",\"contentUrl\":\"https:\/\/secure.gravatar.com\/avatar\/3053e10e8e8bd824a6755128e1e2f6a8237e43b0f00fc2ebdaeb1acebdab6fe2?s=96&d=mm&r=g\",\"caption\":\"Willoughby College\"}}]}<\/script>\n<!-- \/ Yoast SEO plugin. -->","yoast_head_json":{"title":"Visita a la exposici\u00f3n de Auschwitz para los alumnos de 3\u00ba de ESO - Willoughby College","robots":{"index":"noindex","follow":"follow"},"og_locale":"en_US","og_type":"article","og_title":"Visita a la exposici\u00f3n de Auschwitz para los alumnos de 3\u00ba de ESO - Willoughby College","og_description":"Los alumnos de 3\u00ba de ESO han podido ver y [&hellip;]","og_url":"https:\/\/wic.edu.es\/visita-a-la-exposicion-de-auschwitz-para-los-alumnos-de-3o-de-eso\/","og_site_name":"Willoughby College","article_published_time":"2018-11-21T15:14:55+00:00","article_modified_time":"2023-12-02T16:11:00+00:00","og_image":[{"width":1600,"height":1200,"url":"https:\/\/wic.edu.es\/wp-content\/uploads\/2018\/11\/Aus1.jpg","type":"image\/jpeg"}],"author":"Willoughby College","twitter_card":"summary_large_image","twitter_misc":{"Written by":"Willoughby College","Est. reading time":"1 minute"},"schema":{"@context":"https:\/\/schema.org","@graph":[{"@type":"Article","@id":"https:\/\/wic.edu.es\/visita-a-la-exposicion-de-auschwitz-para-los-alumnos-de-3o-de-eso\/#article","isPartOf":{"@id":"https:\/\/wic.edu.es\/visita-a-la-exposicion-de-auschwitz-para-los-alumnos-de-3o-de-eso\/"},"author":{"name":"Willoughby College","@id":"https:\/\/wic.edu.es\/#\/schema\/person\/09c43e9c48a2331145fbdbb8aa064a62"},"headline":"Visita a la exposici\u00f3n de Auschwitz para los alumnos de 3\u00ba de ESO","datePublished":"2018-11-21T15:14:55+00:00","dateModified":"2023-12-02T16:11:00+00:00","mainEntityOfPage":{"@id":"https:\/\/wic.edu.es\/visita-a-la-exposicion-de-auschwitz-para-los-alumnos-de-3o-de-eso\/"},"wordCount":60,"publisher":{"@id":"https:\/\/wic.edu.es\/#organization"},"image":{"@id":"https:\/\/wic.edu.es\/visita-a-la-exposicion-de-auschwitz-para-los-alumnos-de-3o-de-eso\/#primaryimage"},"thumbnailUrl":"https:\/\/wic.edu.es\/wp-content\/uploads\/2018\/11\/Aus1.jpg","articleSection":["uncategorized"],"inLanguage":"en-US"},{"@type":"WebPage","@id":"https:\/\/wic.edu.es\/visita-a-la-exposicion-de-auschwitz-para-los-alumnos-de-3o-de-eso\/","url":"https:\/\/wic.edu.es\/visita-a-la-exposicion-de-auschwitz-para-los-alumnos-de-3o-de-eso\/","name":"Visita a la exposici\u00f3n de Auschwitz para los alumnos de 3\u00ba de ESO - Willoughby College","isPartOf":{"@id":"https:\/\/wic.edu.es\/#website"},"primaryImageOfPage":{"@id":"https:\/\/wic.edu.es\/visita-a-la-exposicion-de-auschwitz-para-los-alumnos-de-3o-de-eso\/#primaryimage"},"image":{"@id":"https:\/\/wic.edu.es\/visita-a-la-exposicion-de-auschwitz-para-los-alumnos-de-3o-de-eso\/#primaryimage"},"thumbnailUrl":"https:\/\/wic.edu.es\/wp-content\/uploads\/2018\/11\/Aus1.jpg","datePublished":"2018-11-21T15:14:55+00:00","dateModified":"2023-12-02T16:11:00+00:00","breadcrumb":{"@id":"https:\/\/wic.edu.es\/visita-a-la-exposicion-de-auschwitz-para-los-alumnos-de-3o-de-eso\/#breadcrumb"},"inLanguage":"en-US","potentialAction":[{"@type":"ReadAction","target":["https:\/\/wic.edu.es\/visita-a-la-exposicion-de-auschwitz-para-los-alumnos-de-3o-de-eso\/"]}]},{"@type":"ImageObject","inLanguage":"en-US","@id":"https:\/\/wic.edu.es\/visita-a-la-exposicion-de-auschwitz-para-los-alumnos-de-3o-de-eso\/#primaryimage","url":"https:\/\/wic.edu.es\/wp-content\/uploads\/2018\/11\/Aus1.jpg","contentUrl":"https:\/\/wic.edu.es\/wp-content\/uploads\/2018\/11\/Aus1.jpg","width":1600,"height":1200},{"@type":"BreadcrumbList","@id":"https:\/\/wic.edu.es\/visita-a-la-exposicion-de-auschwitz-para-los-alumnos-de-3o-de-eso\/#breadcrumb","itemListElement":[{"@type":"ListItem","position":1,"name":"Portada","item":"https:\/\/wic.edu.es\/en\/"},{"@type":"ListItem","position":2,"name":"Visita a la exposici\u00f3n de Auschwitz para los alumnos de 3\u00ba de ESO"}]},{"@type":"WebSite","@id":"https:\/\/wic.edu.es\/#website","url":"https:\/\/wic.edu.es\/","name":"Willoughby College","description":"Colegio Privado Biling\u00fce en Madrid","publisher":{"@id":"https:\/\/wic.edu.es\/#organization"},"potentialAction":[{"@type":"SearchAction","target":{"@type":"EntryPoint","urlTemplate":"https:\/\/wic.edu.es\/?s={search_term_string}"},"query-input":{"@type":"PropertyValueSpecification","valueRequired":true,"valueName":"search_term_string"}}],"inLanguage":"en-US"},{"@type":"Organization","@id":"https:\/\/wic.edu.es\/#organization","name":"Colegio Biling\u00fce Madrid WIC","url":"https:\/\/wic.edu.es\/","logo":{"@type":"ImageObject","inLanguage":"en-US","@id":"https:\/\/wic.edu.es\/#\/schema\/logo\/image\/","url":"http:\/\/wic.edu.es\/wp-content\/uploads\/2018\/07\/Logos_Willoughby_v3_x2-03.png","contentUrl":"http:\/\/wic.edu.es\/wp-content\/uploads\/2018\/07\/Logos_Willoughby_v3_x2-03.png","width":410,"height":188,"caption":"Colegio Biling\u00fce Madrid WIC"},"image":{"@id":"https:\/\/wic.edu.es\/#\/schema\/logo\/image\/"}},{"@type":"Person","@id":"https:\/\/wic.edu.es\/#\/schema\/person\/09c43e9c48a2331145fbdbb8aa064a62","name":"Willoughby College","image":{"@type":"ImageObject","inLanguage":"en-US","@id":"https:\/\/wic.edu.es\/#\/schema\/person\/image\/","url":"https:\/\/secure.gravatar.com\/avatar\/3053e10e8e8bd824a6755128e1e2f6a8237e43b0f00fc2ebdaeb1acebdab6fe2?s=96&d=mm&r=g","contentUrl":"https:\/\/secure.gravatar.com\/avatar\/3053e10e8e8bd824a6755128e1e2f6a8237e43b0f00fc2ebdaeb1acebdab6fe2?s=96&d=mm&r=g","caption":"Willoughby College"}}]}},"_links":{"self":[{"href":"https:\/\/wic.edu.es\/en\/wp-json\/wp\/v2\/posts\/1971","targetHints":{"allow":["GET"]}}],"collection":[{"href":"https:\/\/wic.edu.es\/en\/wp-json\/wp\/v2\/posts"}],"about":[{"href":"https:\/\/wic.edu.es\/en\/wp-json\/wp\/v2\/types\/post"}],"author":[{"embeddable":true,"href":"https:\/\/wic.edu.es\/en\/wp-json\/wp\/v2\/users\/2"}],"replies":[{"embeddable":true,"href":"https:\/\/wic.edu.es\/en\/wp-json\/wp\/v2\/comments?post=1971"}],"version-history":[{"count":2,"href":"https:\/\/wic.edu.es\/en\/wp-json\/wp\/v2\/posts\/1971\/revisions"}],"predecessor-version":[{"id":5875,"href":"https:\/\/wic.edu.es\/en\/wp-json\/wp\/v2\/posts\/1971\/revisions\/5875"}],"wp:featuredmedia":[{"embeddable":true,"href":"https:\/\/wic.edu.es\/en\/wp-json\/wp\/v2\/media\/1972"}],"wp:attachment":[{"href":"https:\/\/wic.edu.es\/en\/wp-json\/wp\/v2\/media?parent=1971"}],"wp:term":[{"taxonomy":"category","embeddable":true,"href":"https:\/\/wic.edu.es\/en\/wp-json\/wp\/v2\/categories?post=1971"},{"taxonomy":"post_tag","embeddable":true,"href":"https:\/\/wic.edu.es\/en\/wp-json\/wp\/v2\/tags?post=1971"}],"curies":[{"name":"wp","href":"https:\/\/api.w.org\/{rel}","templated":true}]}}