{"id":1904,"date":"2020-02-26T15:54:50","date_gmt":"2020-02-26T15:54:50","guid":{"rendered":"http:\/\/www.wic.edu.es\/desfile-de-carnaval-en-willoughby-international-college\/"},"modified":"2021-01-27T08:47:16","modified_gmt":"2021-01-27T08:47:16","slug":"desfile-de-carnaval-en-willoughby-international-college","status":"publish","type":"post","link":"https:\/\/wic.edu.es\/en\/desfile-de-carnaval-en-willoughby-international-college\/","title":{"rendered":"Desfile de Carnaval en Willoughby International College"},"content":{"rendered":"<p>Hemos tenido el desfile de m\u00e1scaras en el colegio para celebrar el Carnaval. Los alumnos desde Kinder I a 6\u00ba de Primaria han dise\u00f1ado sus m\u00e1scaras. Agradecemos el trabajo a las profesoras que han logrado un resultado fant\u00e1stico.<\/p>\n","protected":false},"excerpt":{"rendered":"<p>Hemos tenido el desfile de m\u00e1scaras en el colegio para [&hellip;]<\/p>\n","protected":false},"author":2,"featured_media":1905,"comment_status":"closed","ping_status":"closed","sticky":false,"template":"","format":"standard","meta":{"_joinchat":[],"footnotes":""},"categories":[6],"tags":[],"class_list":["post-1904","post","type-post","status-publish","format-standard","has-post-thumbnail","hentry","category-uncategorized"],"yoast_head":"<!-- This site is optimized with the Yoast SEO plugin v27.1.1 - https:\/\/yoast.com\/product\/yoast-seo-wordpress\/ -->\n<title>Desfile de Carnaval en Willoughby International College - Willoughby College<\/title>\n<meta name=\"robots\" content=\"noindex, follow\" \/>\n<meta property=\"og:locale\" content=\"en_US\" \/>\n<meta property=\"og:type\" content=\"article\" \/>\n<meta property=\"og:title\" content=\"Desfile de Carnaval en Willoughby International College - Willoughby College\" \/>\n<meta property=\"og:description\" content=\"Hemos tenido el desfile de m\u00e1scaras en el colegio para [&hellip;]\" \/>\n<meta property=\"og:url\" content=\"https:\/\/wic.edu.es\/desfile-de-carnaval-en-willoughby-international-college\/\" \/>\n<meta property=\"og:site_name\" content=\"Willoughby College\" \/>\n<meta property=\"article:published_time\" content=\"2020-02-26T15:54:50+00:00\" \/>\n<meta property=\"article:modified_time\" content=\"2021-01-27T08:47:16+00:00\" \/>\n<meta property=\"og:image\" content=\"https:\/\/wic.edu.es\/wp-content\/uploads\/2020\/02\/3PCarnaval.jpeg\" \/>\n\t<meta property=\"og:image:width\" content=\"1328\" \/>\n\t<meta property=\"og:image:height\" content=\"747\" \/>\n\t<meta property=\"og:image:type\" content=\"image\/jpeg\" \/>\n<meta name=\"author\" content=\"Willoughby College\" \/>\n<meta name=\"twitter:card\" content=\"summary_large_image\" \/>\n<meta name=\"twitter:label1\" content=\"Written by\" \/>\n\t<meta name=\"twitter:data1\" content=\"Willoughby College\" \/>\n<script type=\"application\/ld+json\" class=\"yoast-schema-graph\">{\"@context\":\"https:\/\/schema.org\",\"@graph\":[{\"@type\":\"Article\",\"@id\":\"https:\/\/wic.edu.es\/desfile-de-carnaval-en-willoughby-international-college\/#article\",\"isPartOf\":{\"@id\":\"https:\/\/wic.edu.es\/desfile-de-carnaval-en-willoughby-international-college\/\"},\"author\":{\"name\":\"Willoughby College\",\"@id\":\"https:\/\/wic.edu.es\/#\/schema\/person\/09c43e9c48a2331145fbdbb8aa064a62\"},\"headline\":\"Desfile de Carnaval en Willoughby International College\",\"datePublished\":\"2020-02-26T15:54:50+00:00\",\"dateModified\":\"2021-01-27T08:47:16+00:00\",\"mainEntityOfPage\":{\"@id\":\"https:\/\/wic.edu.es\/desfile-de-carnaval-en-willoughby-international-college\/\"},\"wordCount\":48,\"publisher\":{\"@id\":\"https:\/\/wic.edu.es\/#organization\"},\"image\":{\"@id\":\"https:\/\/wic.edu.es\/desfile-de-carnaval-en-willoughby-international-college\/#primaryimage\"},\"thumbnailUrl\":\"https:\/\/wic.edu.es\/wp-content\/uploads\/2020\/02\/3PCarnaval.jpeg\",\"articleSection\":[\"uncategorized\"],\"inLanguage\":\"en-US\"},{\"@type\":\"WebPage\",\"@id\":\"https:\/\/wic.edu.es\/desfile-de-carnaval-en-willoughby-international-college\/\",\"url\":\"https:\/\/wic.edu.es\/desfile-de-carnaval-en-willoughby-international-college\/\",\"name\":\"Desfile de Carnaval en Willoughby International College - Willoughby College\",\"isPartOf\":{\"@id\":\"https:\/\/wic.edu.es\/#website\"},\"primaryImageOfPage\":{\"@id\":\"https:\/\/wic.edu.es\/desfile-de-carnaval-en-willoughby-international-college\/#primaryimage\"},\"image\":{\"@id\":\"https:\/\/wic.edu.es\/desfile-de-carnaval-en-willoughby-international-college\/#primaryimage\"},\"thumbnailUrl\":\"https:\/\/wic.edu.es\/wp-content\/uploads\/2020\/02\/3PCarnaval.jpeg\",\"datePublished\":\"2020-02-26T15:54:50+00:00\",\"dateModified\":\"2021-01-27T08:47:16+00:00\",\"breadcrumb\":{\"@id\":\"https:\/\/wic.edu.es\/desfile-de-carnaval-en-willoughby-international-college\/#breadcrumb\"},\"inLanguage\":\"en-US\",\"potentialAction\":[{\"@type\":\"ReadAction\",\"target\":[\"https:\/\/wic.edu.es\/desfile-de-carnaval-en-willoughby-international-college\/\"]}]},{\"@type\":\"ImageObject\",\"inLanguage\":\"en-US\",\"@id\":\"https:\/\/wic.edu.es\/desfile-de-carnaval-en-willoughby-international-college\/#primaryimage\",\"url\":\"https:\/\/wic.edu.es\/wp-content\/uploads\/2020\/02\/3PCarnaval.jpeg\",\"contentUrl\":\"https:\/\/wic.edu.es\/wp-content\/uploads\/2020\/02\/3PCarnaval.jpeg\",\"width\":1328,\"height\":747},{\"@type\":\"BreadcrumbList\",\"@id\":\"https:\/\/wic.edu.es\/desfile-de-carnaval-en-willoughby-international-college\/#breadcrumb\",\"itemListElement\":[{\"@type\":\"ListItem\",\"position\":1,\"name\":\"Portada\",\"item\":\"https:\/\/wic.edu.es\/en\/\"},{\"@type\":\"ListItem\",\"position\":2,\"name\":\"Desfile de Carnaval en Willoughby International College\"}]},{\"@type\":\"WebSite\",\"@id\":\"https:\/\/wic.edu.es\/#website\",\"url\":\"https:\/\/wic.edu.es\/\",\"name\":\"Willoughby College\",\"description\":\"Colegio Privado Biling\u00fce en Madrid\",\"publisher\":{\"@id\":\"https:\/\/wic.edu.es\/#organization\"},\"potentialAction\":[{\"@type\":\"SearchAction\",\"target\":{\"@type\":\"EntryPoint\",\"urlTemplate\":\"https:\/\/wic.edu.es\/?s={search_term_string}\"},\"query-input\":{\"@type\":\"PropertyValueSpecification\",\"valueRequired\":true,\"valueName\":\"search_term_string\"}}],\"inLanguage\":\"en-US\"},{\"@type\":\"Organization\",\"@id\":\"https:\/\/wic.edu.es\/#organization\",\"name\":\"Colegio Biling\u00fce Madrid WIC\",\"url\":\"https:\/\/wic.edu.es\/\",\"logo\":{\"@type\":\"ImageObject\",\"inLanguage\":\"en-US\",\"@id\":\"https:\/\/wic.edu.es\/#\/schema\/logo\/image\/\",\"url\":\"http:\/\/wic.edu.es\/wp-content\/uploads\/2018\/07\/Logos_Willoughby_v3_x2-03.png\",\"contentUrl\":\"http:\/\/wic.edu.es\/wp-content\/uploads\/2018\/07\/Logos_Willoughby_v3_x2-03.png\",\"width\":410,\"height\":188,\"caption\":\"Colegio Biling\u00fce Madrid WIC\"},\"image\":{\"@id\":\"https:\/\/wic.edu.es\/#\/schema\/logo\/image\/\"}},{\"@type\":\"Person\",\"@id\":\"https:\/\/wic.edu.es\/#\/schema\/person\/09c43e9c48a2331145fbdbb8aa064a62\",\"name\":\"Willoughby College\",\"image\":{\"@type\":\"ImageObject\",\"inLanguage\":\"en-US\",\"@id\":\"https:\/\/wic.edu.es\/#\/schema\/person\/image\/\",\"url\":\"https:\/\/secure.gravatar.com\/avatar\/3053e10e8e8bd824a6755128e1e2f6a8237e43b0f00fc2ebdaeb1acebdab6fe2?s=96&d=mm&r=g\",\"contentUrl\":\"https:\/\/secure.gravatar.com\/avatar\/3053e10e8e8bd824a6755128e1e2f6a8237e43b0f00fc2ebdaeb1acebdab6fe2?s=96&d=mm&r=g\",\"caption\":\"Willoughby College\"}}]}<\/script>\n<!-- \/ Yoast SEO plugin. -->","yoast_head_json":{"title":"Desfile de Carnaval en Willoughby International College - Willoughby College","robots":{"index":"noindex","follow":"follow"},"og_locale":"en_US","og_type":"article","og_title":"Desfile de Carnaval en Willoughby International College - Willoughby College","og_description":"Hemos tenido el desfile de m\u00e1scaras en el colegio para [&hellip;]","og_url":"https:\/\/wic.edu.es\/desfile-de-carnaval-en-willoughby-international-college\/","og_site_name":"Willoughby College","article_published_time":"2020-02-26T15:54:50+00:00","article_modified_time":"2021-01-27T08:47:16+00:00","og_image":[{"width":1328,"height":747,"url":"https:\/\/wic.edu.es\/wp-content\/uploads\/2020\/02\/3PCarnaval.jpeg","type":"image\/jpeg"}],"author":"Willoughby College","twitter_card":"summary_large_image","twitter_misc":{"Written by":"Willoughby College"},"schema":{"@context":"https:\/\/schema.org","@graph":[{"@type":"Article","@id":"https:\/\/wic.edu.es\/desfile-de-carnaval-en-willoughby-international-college\/#article","isPartOf":{"@id":"https:\/\/wic.edu.es\/desfile-de-carnaval-en-willoughby-international-college\/"},"author":{"name":"Willoughby College","@id":"https:\/\/wic.edu.es\/#\/schema\/person\/09c43e9c48a2331145fbdbb8aa064a62"},"headline":"Desfile de Carnaval en Willoughby International College","datePublished":"2020-02-26T15:54:50+00:00","dateModified":"2021-01-27T08:47:16+00:00","mainEntityOfPage":{"@id":"https:\/\/wic.edu.es\/desfile-de-carnaval-en-willoughby-international-college\/"},"wordCount":48,"publisher":{"@id":"https:\/\/wic.edu.es\/#organization"},"image":{"@id":"https:\/\/wic.edu.es\/desfile-de-carnaval-en-willoughby-international-college\/#primaryimage"},"thumbnailUrl":"https:\/\/wic.edu.es\/wp-content\/uploads\/2020\/02\/3PCarnaval.jpeg","articleSection":["uncategorized"],"inLanguage":"en-US"},{"@type":"WebPage","@id":"https:\/\/wic.edu.es\/desfile-de-carnaval-en-willoughby-international-college\/","url":"https:\/\/wic.edu.es\/desfile-de-carnaval-en-willoughby-international-college\/","name":"Desfile de Carnaval en Willoughby International College - Willoughby College","isPartOf":{"@id":"https:\/\/wic.edu.es\/#website"},"primaryImageOfPage":{"@id":"https:\/\/wic.edu.es\/desfile-de-carnaval-en-willoughby-international-college\/#primaryimage"},"image":{"@id":"https:\/\/wic.edu.es\/desfile-de-carnaval-en-willoughby-international-college\/#primaryimage"},"thumbnailUrl":"https:\/\/wic.edu.es\/wp-content\/uploads\/2020\/02\/3PCarnaval.jpeg","datePublished":"2020-02-26T15:54:50+00:00","dateModified":"2021-01-27T08:47:16+00:00","breadcrumb":{"@id":"https:\/\/wic.edu.es\/desfile-de-carnaval-en-willoughby-international-college\/#breadcrumb"},"inLanguage":"en-US","potentialAction":[{"@type":"ReadAction","target":["https:\/\/wic.edu.es\/desfile-de-carnaval-en-willoughby-international-college\/"]}]},{"@type":"ImageObject","inLanguage":"en-US","@id":"https:\/\/wic.edu.es\/desfile-de-carnaval-en-willoughby-international-college\/#primaryimage","url":"https:\/\/wic.edu.es\/wp-content\/uploads\/2020\/02\/3PCarnaval.jpeg","contentUrl":"https:\/\/wic.edu.es\/wp-content\/uploads\/2020\/02\/3PCarnaval.jpeg","width":1328,"height":747},{"@type":"BreadcrumbList","@id":"https:\/\/wic.edu.es\/desfile-de-carnaval-en-willoughby-international-college\/#breadcrumb","itemListElement":[{"@type":"ListItem","position":1,"name":"Portada","item":"https:\/\/wic.edu.es\/en\/"},{"@type":"ListItem","position":2,"name":"Desfile de Carnaval en Willoughby International College"}]},{"@type":"WebSite","@id":"https:\/\/wic.edu.es\/#website","url":"https:\/\/wic.edu.es\/","name":"Willoughby College","description":"Colegio Privado Biling\u00fce en Madrid","publisher":{"@id":"https:\/\/wic.edu.es\/#organization"},"potentialAction":[{"@type":"SearchAction","target":{"@type":"EntryPoint","urlTemplate":"https:\/\/wic.edu.es\/?s={search_term_string}"},"query-input":{"@type":"PropertyValueSpecification","valueRequired":true,"valueName":"search_term_string"}}],"inLanguage":"en-US"},{"@type":"Organization","@id":"https:\/\/wic.edu.es\/#organization","name":"Colegio Biling\u00fce Madrid WIC","url":"https:\/\/wic.edu.es\/","logo":{"@type":"ImageObject","inLanguage":"en-US","@id":"https:\/\/wic.edu.es\/#\/schema\/logo\/image\/","url":"http:\/\/wic.edu.es\/wp-content\/uploads\/2018\/07\/Logos_Willoughby_v3_x2-03.png","contentUrl":"http:\/\/wic.edu.es\/wp-content\/uploads\/2018\/07\/Logos_Willoughby_v3_x2-03.png","width":410,"height":188,"caption":"Colegio Biling\u00fce Madrid WIC"},"image":{"@id":"https:\/\/wic.edu.es\/#\/schema\/logo\/image\/"}},{"@type":"Person","@id":"https:\/\/wic.edu.es\/#\/schema\/person\/09c43e9c48a2331145fbdbb8aa064a62","name":"Willoughby College","image":{"@type":"ImageObject","inLanguage":"en-US","@id":"https:\/\/wic.edu.es\/#\/schema\/person\/image\/","url":"https:\/\/secure.gravatar.com\/avatar\/3053e10e8e8bd824a6755128e1e2f6a8237e43b0f00fc2ebdaeb1acebdab6fe2?s=96&d=mm&r=g","contentUrl":"https:\/\/secure.gravatar.com\/avatar\/3053e10e8e8bd824a6755128e1e2f6a8237e43b0f00fc2ebdaeb1acebdab6fe2?s=96&d=mm&r=g","caption":"Willoughby College"}}]}},"_links":{"self":[{"href":"https:\/\/wic.edu.es\/en\/wp-json\/wp\/v2\/posts\/1904","targetHints":{"allow":["GET"]}}],"collection":[{"href":"https:\/\/wic.edu.es\/en\/wp-json\/wp\/v2\/posts"}],"about":[{"href":"https:\/\/wic.edu.es\/en\/wp-json\/wp\/v2\/types\/post"}],"author":[{"embeddable":true,"href":"https:\/\/wic.edu.es\/en\/wp-json\/wp\/v2\/users\/2"}],"replies":[{"embeddable":true,"href":"https:\/\/wic.edu.es\/en\/wp-json\/wp\/v2\/comments?post=1904"}],"version-history":[{"count":1,"href":"https:\/\/wic.edu.es\/en\/wp-json\/wp\/v2\/posts\/1904\/revisions"}],"predecessor-version":[{"id":2266,"href":"https:\/\/wic.edu.es\/en\/wp-json\/wp\/v2\/posts\/1904\/revisions\/2266"}],"wp:featuredmedia":[{"embeddable":true,"href":"https:\/\/wic.edu.es\/en\/wp-json\/wp\/v2\/media\/1905"}],"wp:attachment":[{"href":"https:\/\/wic.edu.es\/en\/wp-json\/wp\/v2\/media?parent=1904"}],"wp:term":[{"taxonomy":"category","embeddable":true,"href":"https:\/\/wic.edu.es\/en\/wp-json\/wp\/v2\/categories?post=1904"},{"taxonomy":"post_tag","embeddable":true,"href":"https:\/\/wic.edu.es\/en\/wp-json\/wp\/v2\/tags?post=1904"}],"curies":[{"name":"wp","href":"https:\/\/api.w.org\/{rel}","templated":true}]}}