{"id":1884,"date":"2020-04-17T09:50:37","date_gmt":"2020-04-17T09:50:37","guid":{"rendered":"http:\/\/www.wic.edu.es\/agradecimiento-a-sanitarios-y-fuerzas-del-estado\/"},"modified":"2021-01-27T08:46:40","modified_gmt":"2021-01-27T08:46:40","slug":"agradecimiento-a-sanitarios-y-fuerzas-del-estado","status":"publish","type":"post","link":"https:\/\/wic.edu.es\/en\/agradecimiento-a-sanitarios-y-fuerzas-del-estado\/","title":{"rendered":"Agradecimiento a sanitarios y fuerzas del Estado"},"content":{"rendered":"<p>Nuestra alumna de 6\u00ba de Primaria, Alejandra Lara, ha querido sumarse desde casa al agradecimiento a sanitarios y fuerzas de Estado, enviando un dibujo precioso que ha hecho con todo su cari\u00f1o. Le han remitido una respuesta que deja ver la gran labor que hacen nuestros peque\u00f1os h\u00e9roes desde casa:<\/p>\n<p>\u201cHoy nuestro homenaje va para los peque\u00f1os artistas, que nos han enviado sus obras de arte para alegrar nuestros paquetes de mascarillas.<\/p>\n<p>Os damos las gracias peque\u00f1os h\u00e9roes an\u00f3nimos, por vuestra generosidad y porque os qued\u00e1is en casa y ayud\u00e1is a frenar al virus&#8230;<br \/>\n\u00a1Enhorabuena, peques, porque quienes reciban vuestros dibujos seguro que sonreir\u00e1n pensando en el cari\u00f1o que hab\u00e9is puesto en ellos! \u201c<\/p>\n","protected":false},"excerpt":{"rendered":"<p>Nuestra alumna de 6\u00ba de Primaria, Alejandra Lara, ha querido [&hellip;]<\/p>\n","protected":false},"author":2,"featured_media":1885,"comment_status":"closed","ping_status":"closed","sticky":false,"template":"","format":"standard","meta":{"_joinchat":[],"footnotes":""},"categories":[6],"tags":[],"class_list":["post-1884","post","type-post","status-publish","format-standard","has-post-thumbnail","hentry","category-uncategorized"],"yoast_head":"<!-- This site is optimized with the Yoast SEO plugin v27.1.1 - https:\/\/yoast.com\/product\/yoast-seo-wordpress\/ -->\n<title>Agradecimiento a sanitarios y fuerzas del Estado - Willoughby College<\/title>\n<meta name=\"robots\" content=\"noindex, follow\" \/>\n<meta property=\"og:locale\" content=\"en_US\" \/>\n<meta property=\"og:type\" content=\"article\" \/>\n<meta property=\"og:title\" content=\"Agradecimiento a sanitarios y fuerzas del Estado - Willoughby College\" \/>\n<meta property=\"og:description\" content=\"Nuestra alumna de 6\u00ba de Primaria, Alejandra Lara, ha querido [&hellip;]\" \/>\n<meta property=\"og:url\" content=\"https:\/\/wic.edu.es\/agradecimiento-a-sanitarios-y-fuerzas-del-estado\/\" \/>\n<meta property=\"og:site_name\" content=\"Willoughby College\" \/>\n<meta property=\"article:published_time\" content=\"2020-04-17T09:50:37+00:00\" \/>\n<meta property=\"article:modified_time\" content=\"2021-01-27T08:46:40+00:00\" \/>\n<meta property=\"og:image\" content=\"https:\/\/wic.edu.es\/wp-content\/uploads\/2020\/04\/cartasanitarios2.jpeg\" \/>\n\t<meta property=\"og:image:width\" content=\"750\" \/>\n\t<meta property=\"og:image:height\" content=\"543\" \/>\n\t<meta property=\"og:image:type\" content=\"image\/jpeg\" \/>\n<meta name=\"author\" content=\"Willoughby College\" \/>\n<meta name=\"twitter:card\" content=\"summary_large_image\" \/>\n<meta name=\"twitter:label1\" content=\"Written by\" \/>\n\t<meta name=\"twitter:data1\" content=\"Willoughby College\" \/>\n\t<meta name=\"twitter:label2\" content=\"Est. reading time\" \/>\n\t<meta name=\"twitter:data2\" content=\"1 minute\" \/>\n<script type=\"application\/ld+json\" class=\"yoast-schema-graph\">{\"@context\":\"https:\/\/schema.org\",\"@graph\":[{\"@type\":\"Article\",\"@id\":\"https:\/\/wic.edu.es\/agradecimiento-a-sanitarios-y-fuerzas-del-estado\/#article\",\"isPartOf\":{\"@id\":\"https:\/\/wic.edu.es\/agradecimiento-a-sanitarios-y-fuerzas-del-estado\/\"},\"author\":{\"name\":\"Willoughby College\",\"@id\":\"https:\/\/wic.edu.es\/#\/schema\/person\/09c43e9c48a2331145fbdbb8aa064a62\"},\"headline\":\"Agradecimiento a sanitarios y fuerzas del Estado\",\"datePublished\":\"2020-04-17T09:50:37+00:00\",\"dateModified\":\"2021-01-27T08:46:40+00:00\",\"mainEntityOfPage\":{\"@id\":\"https:\/\/wic.edu.es\/agradecimiento-a-sanitarios-y-fuerzas-del-estado\/\"},\"wordCount\":131,\"publisher\":{\"@id\":\"https:\/\/wic.edu.es\/#organization\"},\"image\":{\"@id\":\"https:\/\/wic.edu.es\/agradecimiento-a-sanitarios-y-fuerzas-del-estado\/#primaryimage\"},\"thumbnailUrl\":\"https:\/\/wic.edu.es\/wp-content\/uploads\/2020\/04\/cartasanitarios2.jpeg\",\"articleSection\":[\"uncategorized\"],\"inLanguage\":\"en-US\"},{\"@type\":\"WebPage\",\"@id\":\"https:\/\/wic.edu.es\/agradecimiento-a-sanitarios-y-fuerzas-del-estado\/\",\"url\":\"https:\/\/wic.edu.es\/agradecimiento-a-sanitarios-y-fuerzas-del-estado\/\",\"name\":\"Agradecimiento a sanitarios y fuerzas del Estado - Willoughby College\",\"isPartOf\":{\"@id\":\"https:\/\/wic.edu.es\/#website\"},\"primaryImageOfPage\":{\"@id\":\"https:\/\/wic.edu.es\/agradecimiento-a-sanitarios-y-fuerzas-del-estado\/#primaryimage\"},\"image\":{\"@id\":\"https:\/\/wic.edu.es\/agradecimiento-a-sanitarios-y-fuerzas-del-estado\/#primaryimage\"},\"thumbnailUrl\":\"https:\/\/wic.edu.es\/wp-content\/uploads\/2020\/04\/cartasanitarios2.jpeg\",\"datePublished\":\"2020-04-17T09:50:37+00:00\",\"dateModified\":\"2021-01-27T08:46:40+00:00\",\"breadcrumb\":{\"@id\":\"https:\/\/wic.edu.es\/agradecimiento-a-sanitarios-y-fuerzas-del-estado\/#breadcrumb\"},\"inLanguage\":\"en-US\",\"potentialAction\":[{\"@type\":\"ReadAction\",\"target\":[\"https:\/\/wic.edu.es\/agradecimiento-a-sanitarios-y-fuerzas-del-estado\/\"]}]},{\"@type\":\"ImageObject\",\"inLanguage\":\"en-US\",\"@id\":\"https:\/\/wic.edu.es\/agradecimiento-a-sanitarios-y-fuerzas-del-estado\/#primaryimage\",\"url\":\"https:\/\/wic.edu.es\/wp-content\/uploads\/2020\/04\/cartasanitarios2.jpeg\",\"contentUrl\":\"https:\/\/wic.edu.es\/wp-content\/uploads\/2020\/04\/cartasanitarios2.jpeg\",\"width\":750,\"height\":543},{\"@type\":\"BreadcrumbList\",\"@id\":\"https:\/\/wic.edu.es\/agradecimiento-a-sanitarios-y-fuerzas-del-estado\/#breadcrumb\",\"itemListElement\":[{\"@type\":\"ListItem\",\"position\":1,\"name\":\"Portada\",\"item\":\"https:\/\/wic.edu.es\/en\/\"},{\"@type\":\"ListItem\",\"position\":2,\"name\":\"Agradecimiento a sanitarios y fuerzas del Estado\"}]},{\"@type\":\"WebSite\",\"@id\":\"https:\/\/wic.edu.es\/#website\",\"url\":\"https:\/\/wic.edu.es\/\",\"name\":\"Willoughby College\",\"description\":\"Colegio Privado Biling\u00fce en Madrid\",\"publisher\":{\"@id\":\"https:\/\/wic.edu.es\/#organization\"},\"potentialAction\":[{\"@type\":\"SearchAction\",\"target\":{\"@type\":\"EntryPoint\",\"urlTemplate\":\"https:\/\/wic.edu.es\/?s={search_term_string}\"},\"query-input\":{\"@type\":\"PropertyValueSpecification\",\"valueRequired\":true,\"valueName\":\"search_term_string\"}}],\"inLanguage\":\"en-US\"},{\"@type\":\"Organization\",\"@id\":\"https:\/\/wic.edu.es\/#organization\",\"name\":\"Colegio Biling\u00fce Madrid WIC\",\"url\":\"https:\/\/wic.edu.es\/\",\"logo\":{\"@type\":\"ImageObject\",\"inLanguage\":\"en-US\",\"@id\":\"https:\/\/wic.edu.es\/#\/schema\/logo\/image\/\",\"url\":\"http:\/\/wic.edu.es\/wp-content\/uploads\/2018\/07\/Logos_Willoughby_v3_x2-03.png\",\"contentUrl\":\"http:\/\/wic.edu.es\/wp-content\/uploads\/2018\/07\/Logos_Willoughby_v3_x2-03.png\",\"width\":410,\"height\":188,\"caption\":\"Colegio Biling\u00fce Madrid WIC\"},\"image\":{\"@id\":\"https:\/\/wic.edu.es\/#\/schema\/logo\/image\/\"}},{\"@type\":\"Person\",\"@id\":\"https:\/\/wic.edu.es\/#\/schema\/person\/09c43e9c48a2331145fbdbb8aa064a62\",\"name\":\"Willoughby College\",\"image\":{\"@type\":\"ImageObject\",\"inLanguage\":\"en-US\",\"@id\":\"https:\/\/wic.edu.es\/#\/schema\/person\/image\/\",\"url\":\"https:\/\/secure.gravatar.com\/avatar\/3053e10e8e8bd824a6755128e1e2f6a8237e43b0f00fc2ebdaeb1acebdab6fe2?s=96&d=mm&r=g\",\"contentUrl\":\"https:\/\/secure.gravatar.com\/avatar\/3053e10e8e8bd824a6755128e1e2f6a8237e43b0f00fc2ebdaeb1acebdab6fe2?s=96&d=mm&r=g\",\"caption\":\"Willoughby College\"}}]}<\/script>\n<!-- \/ Yoast SEO plugin. -->","yoast_head_json":{"title":"Agradecimiento a sanitarios y fuerzas del Estado - Willoughby College","robots":{"index":"noindex","follow":"follow"},"og_locale":"en_US","og_type":"article","og_title":"Agradecimiento a sanitarios y fuerzas del Estado - Willoughby College","og_description":"Nuestra alumna de 6\u00ba de Primaria, Alejandra Lara, ha querido [&hellip;]","og_url":"https:\/\/wic.edu.es\/agradecimiento-a-sanitarios-y-fuerzas-del-estado\/","og_site_name":"Willoughby College","article_published_time":"2020-04-17T09:50:37+00:00","article_modified_time":"2021-01-27T08:46:40+00:00","og_image":[{"width":750,"height":543,"url":"https:\/\/wic.edu.es\/wp-content\/uploads\/2020\/04\/cartasanitarios2.jpeg","type":"image\/jpeg"}],"author":"Willoughby College","twitter_card":"summary_large_image","twitter_misc":{"Written by":"Willoughby College","Est. reading time":"1 minute"},"schema":{"@context":"https:\/\/schema.org","@graph":[{"@type":"Article","@id":"https:\/\/wic.edu.es\/agradecimiento-a-sanitarios-y-fuerzas-del-estado\/#article","isPartOf":{"@id":"https:\/\/wic.edu.es\/agradecimiento-a-sanitarios-y-fuerzas-del-estado\/"},"author":{"name":"Willoughby College","@id":"https:\/\/wic.edu.es\/#\/schema\/person\/09c43e9c48a2331145fbdbb8aa064a62"},"headline":"Agradecimiento a sanitarios y fuerzas del Estado","datePublished":"2020-04-17T09:50:37+00:00","dateModified":"2021-01-27T08:46:40+00:00","mainEntityOfPage":{"@id":"https:\/\/wic.edu.es\/agradecimiento-a-sanitarios-y-fuerzas-del-estado\/"},"wordCount":131,"publisher":{"@id":"https:\/\/wic.edu.es\/#organization"},"image":{"@id":"https:\/\/wic.edu.es\/agradecimiento-a-sanitarios-y-fuerzas-del-estado\/#primaryimage"},"thumbnailUrl":"https:\/\/wic.edu.es\/wp-content\/uploads\/2020\/04\/cartasanitarios2.jpeg","articleSection":["uncategorized"],"inLanguage":"en-US"},{"@type":"WebPage","@id":"https:\/\/wic.edu.es\/agradecimiento-a-sanitarios-y-fuerzas-del-estado\/","url":"https:\/\/wic.edu.es\/agradecimiento-a-sanitarios-y-fuerzas-del-estado\/","name":"Agradecimiento a sanitarios y fuerzas del Estado - Willoughby College","isPartOf":{"@id":"https:\/\/wic.edu.es\/#website"},"primaryImageOfPage":{"@id":"https:\/\/wic.edu.es\/agradecimiento-a-sanitarios-y-fuerzas-del-estado\/#primaryimage"},"image":{"@id":"https:\/\/wic.edu.es\/agradecimiento-a-sanitarios-y-fuerzas-del-estado\/#primaryimage"},"thumbnailUrl":"https:\/\/wic.edu.es\/wp-content\/uploads\/2020\/04\/cartasanitarios2.jpeg","datePublished":"2020-04-17T09:50:37+00:00","dateModified":"2021-01-27T08:46:40+00:00","breadcrumb":{"@id":"https:\/\/wic.edu.es\/agradecimiento-a-sanitarios-y-fuerzas-del-estado\/#breadcrumb"},"inLanguage":"en-US","potentialAction":[{"@type":"ReadAction","target":["https:\/\/wic.edu.es\/agradecimiento-a-sanitarios-y-fuerzas-del-estado\/"]}]},{"@type":"ImageObject","inLanguage":"en-US","@id":"https:\/\/wic.edu.es\/agradecimiento-a-sanitarios-y-fuerzas-del-estado\/#primaryimage","url":"https:\/\/wic.edu.es\/wp-content\/uploads\/2020\/04\/cartasanitarios2.jpeg","contentUrl":"https:\/\/wic.edu.es\/wp-content\/uploads\/2020\/04\/cartasanitarios2.jpeg","width":750,"height":543},{"@type":"BreadcrumbList","@id":"https:\/\/wic.edu.es\/agradecimiento-a-sanitarios-y-fuerzas-del-estado\/#breadcrumb","itemListElement":[{"@type":"ListItem","position":1,"name":"Portada","item":"https:\/\/wic.edu.es\/en\/"},{"@type":"ListItem","position":2,"name":"Agradecimiento a sanitarios y fuerzas del Estado"}]},{"@type":"WebSite","@id":"https:\/\/wic.edu.es\/#website","url":"https:\/\/wic.edu.es\/","name":"Willoughby College","description":"Colegio Privado Biling\u00fce en Madrid","publisher":{"@id":"https:\/\/wic.edu.es\/#organization"},"potentialAction":[{"@type":"SearchAction","target":{"@type":"EntryPoint","urlTemplate":"https:\/\/wic.edu.es\/?s={search_term_string}"},"query-input":{"@type":"PropertyValueSpecification","valueRequired":true,"valueName":"search_term_string"}}],"inLanguage":"en-US"},{"@type":"Organization","@id":"https:\/\/wic.edu.es\/#organization","name":"Colegio Biling\u00fce Madrid WIC","url":"https:\/\/wic.edu.es\/","logo":{"@type":"ImageObject","inLanguage":"en-US","@id":"https:\/\/wic.edu.es\/#\/schema\/logo\/image\/","url":"http:\/\/wic.edu.es\/wp-content\/uploads\/2018\/07\/Logos_Willoughby_v3_x2-03.png","contentUrl":"http:\/\/wic.edu.es\/wp-content\/uploads\/2018\/07\/Logos_Willoughby_v3_x2-03.png","width":410,"height":188,"caption":"Colegio Biling\u00fce Madrid WIC"},"image":{"@id":"https:\/\/wic.edu.es\/#\/schema\/logo\/image\/"}},{"@type":"Person","@id":"https:\/\/wic.edu.es\/#\/schema\/person\/09c43e9c48a2331145fbdbb8aa064a62","name":"Willoughby College","image":{"@type":"ImageObject","inLanguage":"en-US","@id":"https:\/\/wic.edu.es\/#\/schema\/person\/image\/","url":"https:\/\/secure.gravatar.com\/avatar\/3053e10e8e8bd824a6755128e1e2f6a8237e43b0f00fc2ebdaeb1acebdab6fe2?s=96&d=mm&r=g","contentUrl":"https:\/\/secure.gravatar.com\/avatar\/3053e10e8e8bd824a6755128e1e2f6a8237e43b0f00fc2ebdaeb1acebdab6fe2?s=96&d=mm&r=g","caption":"Willoughby College"}}]}},"_links":{"self":[{"href":"https:\/\/wic.edu.es\/en\/wp-json\/wp\/v2\/posts\/1884","targetHints":{"allow":["GET"]}}],"collection":[{"href":"https:\/\/wic.edu.es\/en\/wp-json\/wp\/v2\/posts"}],"about":[{"href":"https:\/\/wic.edu.es\/en\/wp-json\/wp\/v2\/types\/post"}],"author":[{"embeddable":true,"href":"https:\/\/wic.edu.es\/en\/wp-json\/wp\/v2\/users\/2"}],"replies":[{"embeddable":true,"href":"https:\/\/wic.edu.es\/en\/wp-json\/wp\/v2\/comments?post=1884"}],"version-history":[{"count":1,"href":"https:\/\/wic.edu.es\/en\/wp-json\/wp\/v2\/posts\/1884\/revisions"}],"predecessor-version":[{"id":2263,"href":"https:\/\/wic.edu.es\/en\/wp-json\/wp\/v2\/posts\/1884\/revisions\/2263"}],"wp:featuredmedia":[{"embeddable":true,"href":"https:\/\/wic.edu.es\/en\/wp-json\/wp\/v2\/media\/1885"}],"wp:attachment":[{"href":"https:\/\/wic.edu.es\/en\/wp-json\/wp\/v2\/media?parent=1884"}],"wp:term":[{"taxonomy":"category","embeddable":true,"href":"https:\/\/wic.edu.es\/en\/wp-json\/wp\/v2\/categories?post=1884"},{"taxonomy":"post_tag","embeddable":true,"href":"https:\/\/wic.edu.es\/en\/wp-json\/wp\/v2\/tags?post=1884"}],"curies":[{"name":"wp","href":"https:\/\/api.w.org\/{rel}","templated":true}]}}